{"id":62353,"date":"2026-04-17T10:48:42","date_gmt":"2026-04-17T08:48:42","guid":{"rendered":"https:\/\/www.solianiemc.com\/?p=62353"},"modified":"2026-04-17T10:48:42","modified_gmt":"2026-04-17T08:48:42","slug":"techtextil-2026","status":"publish","type":"post","link":"https:\/\/www.solianiemc.com\/fr\/techtextil-2026\/","title":{"rendered":"Techtextil 2026"},"content":{"rendered":"<p data-path-to-node=\"3\"><b data-path-to-node=\"3\" data-index-in-node=\"0\">SOLIANI EMC exposera au salon Techtextil 2026 \u00e0 Francfort.<\/b><\/p>\n<p data-path-to-node=\"4\">Techtextil est le salon international de r\u00e9f\u00e9rence pour les textiles techniques et les non-tiss\u00e9s. Avec plus de <b data-path-to-node=\"4\" data-index-in-node=\"112\">1 700 exposants<\/b> venus de 53 pays et environ <b data-path-to-node=\"4\" data-index-in-node=\"156\">38 000 visiteurs<\/b> de 102 nations, il s&rsquo;impose comme la principale plateforme mondiale de marketing et d&rsquo;approvisionnement pour les fabricants et les utilisateurs de textiles techniques et de non-tiss\u00e9s.<\/p>\n<p data-path-to-node=\"5\"><b data-path-to-node=\"5\" data-index-in-node=\"0\">Venez nous rendre visite au salon du 21 au 24 avril 2026 \u00e0 Francfort !<\/b><\/p>\n","protected":false},"excerpt":{"rendered":"<p>SOLIANI EMC exposera au salon Techtextil 2026 \u00e0 Francfort. Techtextil est le salon international de r\u00e9f\u00e9rence pour les textiles techniques et les non-tiss\u00e9s. Avec plus de 1 700 exposants venus de 53 pays et environ 38 000 visiteurs de 102 nations, il s&rsquo;impose comme la principale plateforme mondiale de marketing et d&rsquo;approvisionnement pour les fabricants [&hellip;]<\/p>\n","protected":false},"author":2,"featured_media":62332,"comment_status":"closed","ping_status":"closed","sticky":false,"template":"","format":"standard","meta":{"_acf_changed":false,"footnotes":""},"categories":[280],"tags":[],"class_list":["post-62353","post","type-post","status-publish","format-standard","has-post-thumbnail","hentry","category-foires-evenements"],"acf":[],"_links":{"self":[{"href":"https:\/\/www.solianiemc.com\/fr\/wp-json\/wp\/v2\/posts\/62353","targetHints":{"allow":["GET"]}}],"collection":[{"href":"https:\/\/www.solianiemc.com\/fr\/wp-json\/wp\/v2\/posts"}],"about":[{"href":"https:\/\/www.solianiemc.com\/fr\/wp-json\/wp\/v2\/types\/post"}],"author":[{"embeddable":true,"href":"https:\/\/www.solianiemc.com\/fr\/wp-json\/wp\/v2\/users\/2"}],"replies":[{"embeddable":true,"href":"https:\/\/www.solianiemc.com\/fr\/wp-json\/wp\/v2\/comments?post=62353"}],"version-history":[{"count":0,"href":"https:\/\/www.solianiemc.com\/fr\/wp-json\/wp\/v2\/posts\/62353\/revisions"}],"wp:featuredmedia":[{"embeddable":true,"href":"https:\/\/www.solianiemc.com\/fr\/wp-json\/wp\/v2\/media\/62332"}],"wp:attachment":[{"href":"https:\/\/www.solianiemc.com\/fr\/wp-json\/wp\/v2\/media?parent=62353"}],"wp:term":[{"taxonomy":"category","embeddable":true,"href":"https:\/\/www.solianiemc.com\/fr\/wp-json\/wp\/v2\/categories?post=62353"},{"taxonomy":"post_tag","embeddable":true,"href":"https:\/\/www.solianiemc.com\/fr\/wp-json\/wp\/v2\/tags?post=62353"}],"curies":[{"name":"wp","href":"https:\/\/api.w.org\/{rel}","templated":true}]}}