{"id":59641,"date":"2025-09-03T10:59:28","date_gmt":"2025-09-03T08:59:28","guid":{"rendered":"https:\/\/www.solianiemc.com\/euronaval-2026\/"},"modified":"2026-04-14T12:54:24","modified_gmt":"2026-04-14T10:54:24","slug":"euronaval-2026","status":"publish","type":"post","link":"https:\/\/www.solianiemc.com\/fr\/euronaval-2026\/","title":{"rendered":"EURONAVAL 2026"},"content":{"rendered":"<p>Nous sommes heureux d\u2019annoncer notre participation \u00e0 <strong>Euronaval 2026<\/strong>, l\u2019\u00e9v\u00e9nement international de r\u00e9f\u00e9rence et point de rencontre mondial pour la d\u00e9fense navale, qui se tiendra du <strong>mardi 3 au vendredi 6 novembre \u00e0 Paris Nord Villepinte \u2013 Hall 6.<\/strong><\/p>\n<p>Toujours attentive aux plus r\u00e9cents d\u00e9veloppements g\u00e9ostrat\u00e9giques et \u00e9conomiques \u00e0 l\u2019\u00e9chelle mondiale, cette manifestation \u00e9volue constamment et propose \u00e0 chaque \u00e9dition de nouveaux produits technologiques innovants. Cette r\u00e9activit\u00e9 permet \u00e0 ce rendez-vous biennal de pr\u00e9senter des r\u00e9ponses concr\u00e8tes aux principaux d\u00e9fis navals et maritimes du XXI\u1d49 si\u00e8cle.<\/p>\n<p>La force du salon r\u00e9side dans sa capacit\u00e9 \u00e0 attirer les professionnels les plus influents, des organisations multinationales, des gouvernements, des entreprises, des agences, des universitaires et des fournisseurs du secteur naval.<\/p>\n","protected":false},"excerpt":{"rendered":"<p>Nous sommes heureux d\u2019annoncer notre participation \u00e0 Euronaval 2026, l\u2019\u00e9v\u00e9nement international de r\u00e9f\u00e9rence et point de rencontre mondial pour la d\u00e9fense navale, qui se tiendra du mardi 3 au vendredi 6 novembre \u00e0 Paris Nord Villepinte \u2013 Hall 6. Toujours attentive aux plus r\u00e9cents d\u00e9veloppements g\u00e9ostrat\u00e9giques et \u00e9conomiques \u00e0 l\u2019\u00e9chelle mondiale, cette manifestation \u00e9volue constamment [&hellip;]<\/p>\n","protected":false},"author":2,"featured_media":59635,"comment_status":"closed","ping_status":"closed","sticky":false,"template":"","format":"standard","meta":{"_acf_changed":false,"footnotes":""},"categories":[280],"tags":[],"class_list":["post-59641","post","type-post","status-publish","format-standard","has-post-thumbnail","hentry","category-foires-evenements"],"acf":[],"_links":{"self":[{"href":"https:\/\/www.solianiemc.com\/fr\/wp-json\/wp\/v2\/posts\/59641","targetHints":{"allow":["GET"]}}],"collection":[{"href":"https:\/\/www.solianiemc.com\/fr\/wp-json\/wp\/v2\/posts"}],"about":[{"href":"https:\/\/www.solianiemc.com\/fr\/wp-json\/wp\/v2\/types\/post"}],"author":[{"embeddable":true,"href":"https:\/\/www.solianiemc.com\/fr\/wp-json\/wp\/v2\/users\/2"}],"replies":[{"embeddable":true,"href":"https:\/\/www.solianiemc.com\/fr\/wp-json\/wp\/v2\/comments?post=59641"}],"version-history":[{"count":0,"href":"https:\/\/www.solianiemc.com\/fr\/wp-json\/wp\/v2\/posts\/59641\/revisions"}],"wp:featuredmedia":[{"embeddable":true,"href":"https:\/\/www.solianiemc.com\/fr\/wp-json\/wp\/v2\/media\/59635"}],"wp:attachment":[{"href":"https:\/\/www.solianiemc.com\/fr\/wp-json\/wp\/v2\/media?parent=59641"}],"wp:term":[{"taxonomy":"category","embeddable":true,"href":"https:\/\/www.solianiemc.com\/fr\/wp-json\/wp\/v2\/categories?post=59641"},{"taxonomy":"post_tag","embeddable":true,"href":"https:\/\/www.solianiemc.com\/fr\/wp-json\/wp\/v2\/tags?post=59641"}],"curies":[{"name":"wp","href":"https:\/\/api.w.org\/{rel}","templated":true}]}}